{"id":493,"date":"2022-12-06T14:34:00","date_gmt":"2022-12-06T14:34:00","guid":{"rendered":"https:\/\/institutoandresbello.edu.ar\/bello\/?p=493"},"modified":"2022-12-28T14:43:36","modified_gmt":"2022-12-28T14:43:36","slug":"egresada-belen-cortez","status":"publish","type":"post","link":"https:\/\/institutoandresbello.edu.ar\/bello\/egresada-belen-cortez\/","title":{"rendered":"Egresada: Bel\u00e9n Cortez"},"content":{"rendered":"<p>El d\u00eda martes 06 de diciembre se realiz\u00f3 el Acto de Colaci\u00f3n de Egresados de la Tecnicatura Superior en Bibliotecolog\u00eda y Ciencias de la Informaci\u00f3n del INSTITUTO SUPERIOR ANDRES BELLO.<\/p>\n<p>Egresada: Belen Cortez<\/p>\n","protected":false},"excerpt":{"rendered":"<p>El d\u00eda martes 06 de diciembre se realiz\u00f3 el Acto de Colaci\u00f3n de Egresados de la Tecnicatura Superior en Bibliotecolog\u00eda y Ciencias de la Informaci\u00f3n del INSTITUTO SUPERIOR ANDRES BELLO. Egresada: Belen Cortez<\/p>\n","protected":false},"author":2,"featured_media":494,"comment_status":"closed","ping_status":"closed","sticky":false,"template":"","format":"standard","meta":{"footnotes":""},"categories":[4],"tags":[],"class_list":["post-493","post","type-post","status-publish","format-standard","has-post-thumbnail","hentry","category-galeria"],"_links":{"self":[{"href":"https:\/\/institutoandresbello.edu.ar\/bello\/wp-json\/wp\/v2\/posts\/493","targetHints":{"allow":["GET"]}}],"collection":[{"href":"https:\/\/institutoandresbello.edu.ar\/bello\/wp-json\/wp\/v2\/posts"}],"about":[{"href":"https:\/\/institutoandresbello.edu.ar\/bello\/wp-json\/wp\/v2\/types\/post"}],"author":[{"embeddable":true,"href":"https:\/\/institutoandresbello.edu.ar\/bello\/wp-json\/wp\/v2\/users\/2"}],"replies":[{"embeddable":true,"href":"https:\/\/institutoandresbello.edu.ar\/bello\/wp-json\/wp\/v2\/comments?post=493"}],"version-history":[{"count":1,"href":"https:\/\/institutoandresbello.edu.ar\/bello\/wp-json\/wp\/v2\/posts\/493\/revisions"}],"predecessor-version":[{"id":495,"href":"https:\/\/institutoandresbello.edu.ar\/bello\/wp-json\/wp\/v2\/posts\/493\/revisions\/495"}],"wp:featuredmedia":[{"embeddable":true,"href":"https:\/\/institutoandresbello.edu.ar\/bello\/wp-json\/wp\/v2\/media\/494"}],"wp:attachment":[{"href":"https:\/\/institutoandresbello.edu.ar\/bello\/wp-json\/wp\/v2\/media?parent=493"}],"wp:term":[{"taxonomy":"category","embeddable":true,"href":"https:\/\/institutoandresbello.edu.ar\/bello\/wp-json\/wp\/v2\/categories?post=493"},{"taxonomy":"post_tag","embeddable":true,"href":"https:\/\/institutoandresbello.edu.ar\/bello\/wp-json\/wp\/v2\/tags?post=493"}],"curies":[{"name":"wp","href":"https:\/\/api.w.org\/{rel}","templated":true}]}}